{"id":2664,"date":"2026-02-06T13:52:47","date_gmt":"2026-02-06T12:52:47","guid":{"rendered":"https:\/\/schutzmasken.ch\/?p=2664"},"modified":"2026-02-06T13:55:42","modified_gmt":"2026-02-06T12:55:42","slug":"schutzmasken-online-kaufen-aktion","status":"publish","type":"post","link":"https:\/\/schutzmasken.ch\/fr\/schutzmasken-online-kaufen-aktion\/","title":{"rendered":"Acheter des masques de protection en ligne &#8211; offre sp\u00e9ciale"},"content":{"rendered":"<h2>Respirateurs \u00e0 des prix imbattables sur Schutzmasken.ch<\/h2>\n<h3>Ce masque de protection respiratoire jetable compact<\/h3>\n<p><strong>Ce masque de protection respiratoire jetable compact s\u2019utilise pour prot\u00e9ger le visage. Il est tr\u00e8s confortable. La partie dot\u00e9e de 3 plis se bombe facilement pour offrir davantage de place au nez et au menton. Ce masque hygi\u00e9nique est de forme rectangulaire. Il se fixe derri\u00e8re les oreilles par des \u00e9lastiques. Il mesure env. 175 x 95 mm.<\/p>\n<p><a class=\"button primary\" href=\"https:\/\/schutzmasken.ch\/fr\/shop\/TYP-I-Atemschutzmasken-50er-Packung-solange-Vorrat-p191394838\" target=\"_self\" rel=\"noopener noreferrer\"><span>Acheter un respirateur jetable<\/span><\/a>","protected":false},"excerpt":{"rendered":"<p>Respirateurs \u00e0 des prix imbattables sur Schutzmasken.ch Ce masque de protection respiratoire jetable compact Ce masque de protection respiratoire jetable compact s\u2019utilise pour prot\u00e9ger le visage. Il est tr\u00e8s confortable. La partie dot\u00e9e de 3 plis se bombe facilement pour offrir davantage de place au nez et au menton. Ce masque hygi\u00e9nique est de forme [&#8230;]\n","protected":false},"author":1,"featured_media":2675,"comment_status":"closed","ping_status":"open","sticky":false,"template":"","format":"standard","meta":{"footnotes":""},"categories":[1],"tags":[153,152],"_links":{"self":[{"href":"https:\/\/schutzmasken.ch\/fr\/wp-json\/wp\/v2\/posts\/2664"}],"collection":[{"href":"https:\/\/schutzmasken.ch\/fr\/wp-json\/wp\/v2\/posts"}],"about":[{"href":"https:\/\/schutzmasken.ch\/fr\/wp-json\/wp\/v2\/types\/post"}],"author":[{"embeddable":true,"href":"https:\/\/schutzmasken.ch\/fr\/wp-json\/wp\/v2\/users\/1"}],"replies":[{"embeddable":true,"href":"https:\/\/schutzmasken.ch\/fr\/wp-json\/wp\/v2\/comments?post=2664"}],"version-history":[{"count":1,"href":"https:\/\/schutzmasken.ch\/fr\/wp-json\/wp\/v2\/posts\/2664\/revisions"}],"predecessor-version":[{"id":56276,"href":"https:\/\/schutzmasken.ch\/fr\/wp-json\/wp\/v2\/posts\/2664\/revisions\/56276"}],"wp:featuredmedia":[{"embeddable":true,"href":"https:\/\/schutzmasken.ch\/fr\/wp-json\/wp\/v2\/media\/2675"}],"wp:attachment":[{"href":"https:\/\/schutzmasken.ch\/fr\/wp-json\/wp\/v2\/media?parent=2664"}],"wp:term":[{"taxonomy":"category","embeddable":true,"href":"https:\/\/schutzmasken.ch\/fr\/wp-json\/wp\/v2\/categories?post=2664"},{"taxonomy":"post_tag","embeddable":true,"href":"https:\/\/schutzmasken.ch\/fr\/wp-json\/wp\/v2\/tags?post=2664"}],"curies":[{"name":"wp","href":"https:\/\/api.w.org\/{rel}","templated":true}]}}