{"id":2664,"date":"2026-02-06T13:52:47","date_gmt":"2026-02-06T12:52:47","guid":{"rendered":"https:\/\/schutzmasken.ch\/?p=2664"},"modified":"2026-02-06T13:55:42","modified_gmt":"2026-02-06T12:55:42","slug":"schutzmasken-online-kaufen-aktion","status":"publish","type":"post","link":"https:\/\/schutzmasken.ch\/it\/schutzmasken-online-kaufen-aktion\/","title":{"rendered":"Acquista maschere protettive online &#8211; offerta speciale"},"content":{"rendered":"<h2>Respiratori a prezzi imbattibili su Schutzmasken.ch<\/h2>\n<h3>Una mascherina respiratoria di protezione compatta e monouso<\/h3>\n<p><strong>Una mascherina respiratoria di protezione compatta e monouso, utilizzabile come protezione per il viso e molto comoda da indossare. La superficie a 3 strati \u00e8 flessibile e facile da modellare, per una forma bombata che consente di avere pi\u00f9 spazio per naso e mento. La mascherina igienica \u00e8 rettangolare, si fissa dietro le orecchie con due elastici e misura ca. 175 x 95 mm.<\/p>\n<p><a class=\"button primary\" href=\"https:\/\/schutzmasken.ch\/it\/shop\/TYP-I-Atemschutzmasken-50er-Packung-solange-Vorrat-p191394838\" target=\"_self\" rel=\"noopener noreferrer\"><span>Acquisto Respiratore monouso<\/span><\/a>","protected":false},"excerpt":{"rendered":"<p>Respiratori a prezzi imbattibili su Schutzmasken.ch Una mascherina respiratoria di protezione compatta e monouso Una mascherina respiratoria di protezione compatta e monouso, utilizzabile come protezione per il viso e molto comoda da indossare. La superficie a 3 strati \u00e8 flessibile e facile da modellare, per una forma bombata che consente di avere pi\u00f9 spazio per [&#8230;]\n","protected":false},"author":1,"featured_media":2675,"comment_status":"closed","ping_status":"open","sticky":false,"template":"","format":"standard","meta":{"footnotes":""},"categories":[1],"tags":[153,152],"_links":{"self":[{"href":"https:\/\/schutzmasken.ch\/it\/wp-json\/wp\/v2\/posts\/2664"}],"collection":[{"href":"https:\/\/schutzmasken.ch\/it\/wp-json\/wp\/v2\/posts"}],"about":[{"href":"https:\/\/schutzmasken.ch\/it\/wp-json\/wp\/v2\/types\/post"}],"author":[{"embeddable":true,"href":"https:\/\/schutzmasken.ch\/it\/wp-json\/wp\/v2\/users\/1"}],"replies":[{"embeddable":true,"href":"https:\/\/schutzmasken.ch\/it\/wp-json\/wp\/v2\/comments?post=2664"}],"version-history":[{"count":1,"href":"https:\/\/schutzmasken.ch\/it\/wp-json\/wp\/v2\/posts\/2664\/revisions"}],"predecessor-version":[{"id":56276,"href":"https:\/\/schutzmasken.ch\/it\/wp-json\/wp\/v2\/posts\/2664\/revisions\/56276"}],"wp:featuredmedia":[{"embeddable":true,"href":"https:\/\/schutzmasken.ch\/it\/wp-json\/wp\/v2\/media\/2675"}],"wp:attachment":[{"href":"https:\/\/schutzmasken.ch\/it\/wp-json\/wp\/v2\/media?parent=2664"}],"wp:term":[{"taxonomy":"category","embeddable":true,"href":"https:\/\/schutzmasken.ch\/it\/wp-json\/wp\/v2\/categories?post=2664"},{"taxonomy":"post_tag","embeddable":true,"href":"https:\/\/schutzmasken.ch\/it\/wp-json\/wp\/v2\/tags?post=2664"}],"curies":[{"name":"wp","href":"https:\/\/api.w.org\/{rel}","templated":true}]}}